{"id":4713,"global_id":"ipaeuskadi.org\/wordpress?id=4713","global_id_lineage":["ipaeuskadi.org\/wordpress?id=4713"],"author":"1","status":"publish","date":"2022-12-28 19:17:26","date_utc":"2022-12-28 19:17:26","modified":"2022-12-28 19:17:26","modified_utc":"2022-12-28 19:17:26","url":"https:\/\/ipaeuskadi.org\/wordpress\/event\/ix-marcha-cicloturista\/","rest_url":"https:\/\/ipaeuskadi.org\/wordpress\/wp-json\/tribe\/events\/v1\/events\/4713","title":"IX Marcha Cicloturista","description":"<p>Septiembre\/2023\tIX Marcha Cicloturista<br \/>\nLa Agrupaci\u00f3n de Vitoria-Gasteiz realizar\u00e1 su habitual marcha cicloturista<br \/>\nCuando se confirme la fecha se comunicar\u00e1<\/p>","excerpt":"","slug":"ix-marcha-cicloturista","image":false,"all_day":false,"start_date":"2023-09-02 08:00:00","start_date_details":{"year":"2023","month":"09","day":"02","hour":"08","minutes":"00","seconds":"00"},"end_date":"2023-09-02 17:00:00","end_date_details":{"year":"2023","month":"09","day":"02","hour":"17","minutes":"00","seconds":"00"},"utc_start_date":null,"utc_start_date_details":{"year":"1970","month":"01","day":"01","hour":"00","minutes":"00","seconds":"00"},"utc_end_date":null,"utc_end_date_details":{"year":"1970","month":"01","day":"01","hour":"00","minutes":"00","seconds":"00"},"timezone":"","timezone_abbr":"","cost":"","cost_details":{"currency_symbol":"\u20ac","currency_code":"","currency_position":"prefix","values":[]},"website":"","show_map":true,"show_map_link":true,"hide_from_listings":false,"sticky":false,"featured":false,"categories":[{"name":"Actividades Deportivas","slug":"actividades-deportivas","term_group":0,"term_taxonomy_id":11,"taxonomy":"tribe_events_cat","description":"Se indican todas las actividades deportivas que se llevan a cabo en IPA, tanto a nivel nacional como internacional","parent":0,"count":176,"filter":"raw","id":7,"urls":{"self":"https:\/\/ipaeuskadi.org\/wordpress\/wp-json\/tribe\/events\/v1\/categories\/7","collection":"https:\/\/ipaeuskadi.org\/wordpress\/wp-json\/tribe\/events\/v1\/categories"}}],"tags":[],"venue":[],"organizer":[],"custom_fields":[],"json_ld":{"@context":"http:\/\/schema.org","@type":"Event","name":"IX Marcha Cicloturista","description":"&lt;p&gt;Septiembre\/2023 IX Marcha Cicloturista La Agrupaci\u00f3n de Vitoria-Gasteiz realizar\u00e1 su habitual marcha cicloturista Cuando se confirme la fecha se comunicar\u00e1&lt;\/p&gt;\\n","url":"https:\/\/ipaeuskadi.org\/wordpress\/event\/ix-marcha-cicloturista\/","eventAttendanceMode":"https:\/\/schema.org\/OfflineEventAttendanceMode","eventStatus":"https:\/\/schema.org\/EventScheduled","startDate":"2023-09-02T08:00:00+00:00","endDate":"2023-09-02T17:00:00+00:00","performer":"Organization"}}